{"id":511,"date":"2023-12-12T09:38:34","date_gmt":"2023-12-12T12:38:34","guid":{"rendered":"https:\/\/www.wrseg.com.br\/blog\/?p=511"},"modified":"2023-12-12T09:41:30","modified_gmt":"2023-12-12T12:41:30","slug":"epis-e-epcs-como-usar-corretamente-para-proteger-seus-colaboradores","status":"publish","type":"post","link":"https:\/\/www.wrseg.com.br\/blog\/2023\/12\/epis-e-epcs-como-usar-corretamente-para-proteger-seus-colaboradores\/","title":{"rendered":"EPIs e EPCs: Como Usar Corretamente Para Proteger Seus Colaboradores"},"content":{"rendered":"\n<p>EPIs e EPCs s\u00e3o a linha de defesa entre seus colaboradores e os riscos no ambiente de trabalho. \ud83d\udee1\ufe0f<\/p>\n\n\n\n<p><strong>Equipamentos de Prote\u00e7\u00e3o Individual (EPIs):<\/strong><\/p>\n\n\n\n<p>Imagine os EPIs como os guardi\u00f5es pessoais dos seus colaboradores. Cada pe\u00e7a desse arsenal \u00e9 projetada para oferecer prote\u00e7\u00e3o direta e individual. Aqui est\u00e3o alguns exemplos:<\/p>\n\n\n\n<ul>\n<li><strong>Capacete: <\/strong>Guardi\u00e3o da cabe\u00e7a, protegendo contra impactos e quedas.<\/li>\n\n\n\n<li><strong>\u00d3culos de seguran\u00e7a:<\/strong> Escudos para os olhos, mantendo a vis\u00e3o clara e protegida.<\/li>\n\n\n\n<li><strong>Luvas:<\/strong> Defensoras das m\u00e3os, preservando contra cortes e abras\u00f5es.<\/li>\n\n\n\n<li><strong>Botas:<\/strong> Protetoras dos p\u00e9s, proporcionando seguran\u00e7a em terrenos adversos.<\/li>\n\n\n\n<li><strong>M\u00e1scara:<\/strong> Guardi\u00e3 da respira\u00e7\u00e3o, filtrando part\u00edculas prejudiciais.<\/li>\n\n\n\n<li><strong>Protetor auricular: <\/strong>Defensor dos ouvidos, minimizando o impacto do ru\u00eddo.<\/li>\n<\/ul>\n\n\n\n<p><strong>Equipamentos de Prote\u00e7\u00e3o Coletiva (EPCs):<\/strong><\/p>\n\n\n\n<p>Os EPCs, por sua vez, s\u00e3o como os guardi\u00f5es do coletivo, visando proteger n\u00e3o apenas indiv\u00edduos, mas todo o ambiente de trabalho. Eles incluem:<\/p>\n\n\n\n<ul>\n<li><strong>Sinaliza\u00e7\u00e3o de seguran\u00e7a:<\/strong> Comunicadores visuais que orientam e alertam.<\/li>\n\n\n\n<li><strong>Barreiras de seguran\u00e7a<\/strong>: Escudos f\u00edsicos que delimitam \u00e1reas de perigo.<\/li>\n\n\n\n<li><strong>Sistemas de prote\u00e7\u00e3o contra inc\u00eandio:<\/strong> Salvaguardas contra a amea\u00e7a do fogo.<\/li>\n\n\n\n<li><strong>Sistema de exaust\u00e3o de gases:<\/strong> Guardi\u00e3o da qualidade do ar, removendo subst\u00e2ncias nocivas.<\/li>\n<\/ul>\n\n\n\n<p><strong>Dicas Importantes Para Utiliza\u00e7\u00e3o Adequada:<\/strong><\/p>\n\n\n\n<ul>\n<li><strong>Verifica\u00e7\u00e3o Constante:<\/strong> Inspe\u00e7\u00f5es regulares garantem que os EPIs e EPCs estejam sempre prontos para o combate.<\/li>\n\n\n\n<li><strong>Adequa\u00e7\u00e3o \u00e0 Atividade:<\/strong> Escolher os equipamentos certos para cada tarefa \u00e9 como armar os guardi\u00f5es de acordo com a batalha em quest\u00e3o.<\/li>\n\n\n\n<li><strong>Seguindo Instru\u00e7\u00f5es:<\/strong> Utilizar os equipamentos conforme as orienta\u00e7\u00f5es do fabricante \u00e9 a estrat\u00e9gia para a efic\u00e1cia m\u00e1xima.<\/li>\n<\/ul>\n\n\n\n<p><strong>E lembre-se:<\/strong><\/p>\n\n\n\n<p><strong>EPIs e EPCs: Uma Obriga\u00e7\u00e3o Legal!<\/strong><\/p>\n\n\n\n<p>O uso correto desses guardi\u00f5es n\u00e3o \u00e9 apenas uma recomenda\u00e7\u00e3o, mas uma exig\u00eancia legal em todos os ambientes de trabalho. As empresas t\u00eam a responsabilidade de equipar seus guerreiros, e estes, por sua vez, t\u00eam a responsabilidade de usar seus escudos e armaduras adequadamente. Essa alian\u00e7a \u00e9 vital para criar fortalezas de trabalho seguras e em conformidade com as leis vigentes. \ud83e\udd1d<\/p>\n\n\n\n<p>Ao negligenciar o uso de EPIs e EPCs, al\u00e9m de colocar em risco a pr\u00f3pria seguran\u00e7a, os colaboradores podem enfrentar s\u00e9rias consequ\u00eancias legais. \u00c9 uma parceria onde a seguran\u00e7a e a conformidade andam lado a lado. \ud83d\udcbc\u2696\ufe0f<\/p>\n\n\n\n<p><strong>Ficou com alguma d\u00favida?<\/strong><\/p>\n\n\n\n<p>Estamos aqui para esclarecer! Se ficou alguma d\u00favida sobre a utiliza\u00e7\u00e3o de EPIs e EPCs ou se deseja saber mais sobre como implementar essas medidas em seu ambiente de trabalho, entre em contato conosco. Nossa equipe est\u00e1 pronta para ajudar! \ud83d\udc47<\/p>\n\n\n\n<p>&#8211;<\/p>\n\n\n\n<p>\ud83d\udcde (34) 3315-8200 \u2800<\/p>\n\n\n\n<p>\u2709\ufe0f <a href=\"mailto:wrseg@wrseg.com.br\">wrseg@wrseg.com.br<\/a>&nbsp;<br>\ud83c\udf10 <a href=\"https:\/\/wrseg.com.br\">https:\/\/wrseg.com.br<\/a><\/p>\n","protected":false},"excerpt":{"rendered":"<p>EPIs e EPCs s\u00e3o a linha de defesa entre seus colaboradores e os riscos no ambiente de trabalho. \ud83d\udee1\ufe0f Equipamentos de Prote\u00e7\u00e3o Individual (EPIs): Imagine os EPIs como os guardi\u00f5es<\/p>\n","protected":false},"author":1,"featured_media":508,"comment_status":"open","ping_status":"open","sticky":false,"template":"","format":"standard","meta":{"footnotes":""},"categories":[1],"tags":[],"_links":{"self":[{"href":"https:\/\/www.wrseg.com.br\/blog\/wp-json\/wp\/v2\/posts\/511"}],"collection":[{"href":"https:\/\/www.wrseg.com.br\/blog\/wp-json\/wp\/v2\/posts"}],"about":[{"href":"https:\/\/www.wrseg.com.br\/blog\/wp-json\/wp\/v2\/types\/post"}],"author":[{"embeddable":true,"href":"https:\/\/www.wrseg.com.br\/blog\/wp-json\/wp\/v2\/users\/1"}],"replies":[{"embeddable":true,"href":"https:\/\/www.wrseg.com.br\/blog\/wp-json\/wp\/v2\/comments?post=511"}],"version-history":[{"count":3,"href":"https:\/\/www.wrseg.com.br\/blog\/wp-json\/wp\/v2\/posts\/511\/revisions"}],"predecessor-version":[{"id":522,"href":"https:\/\/www.wrseg.com.br\/blog\/wp-json\/wp\/v2\/posts\/511\/revisions\/522"}],"wp:featuredmedia":[{"embeddable":true,"href":"https:\/\/www.wrseg.com.br\/blog\/wp-json\/wp\/v2\/media\/508"}],"wp:attachment":[{"href":"https:\/\/www.wrseg.com.br\/blog\/wp-json\/wp\/v2\/media?parent=511"}],"wp:term":[{"taxonomy":"category","embeddable":true,"href":"https:\/\/www.wrseg.com.br\/blog\/wp-json\/wp\/v2\/categories?post=511"},{"taxonomy":"post_tag","embeddable":true,"href":"https:\/\/www.wrseg.com.br\/blog\/wp-json\/wp\/v2\/tags?post=511"}],"curies":[{"name":"wp","href":"https:\/\/api.w.org\/{rel}","templated":true}]}}