{"id":297,"date":"2020-06-22T06:00:00","date_gmt":"2020-06-22T09:00:00","guid":{"rendered":"https:\/\/www.wrseg.com.br\/blog\/?p=297"},"modified":"2020-06-18T22:34:21","modified_gmt":"2020-06-19T01:34:21","slug":"dor-muscular","status":"publish","type":"post","link":"https:\/\/www.wrseg.com.br\/blog\/2020\/06\/dor-muscular\/","title":{"rendered":"Dor muscular"},"content":{"rendered":"\n<p>\u00c9 dif\u00edcil encontrar algu\u00e9m que n\u00e3o sofreu com dores musculares pelo menos uma vez na vida. As causas mais comuns s\u00e3o: esfor\u00e7o excessivo provocado por sobrecarga al\u00e9m da capacidade usual do indiv\u00edduo, seja em treinos esportivos ou nas rotinas di\u00e1rias, sedentarismo, altera\u00e7\u00f5es posturais, estresse, movimentos repetitivos, situa\u00e7\u00f5es de carregamento\/levantamento manual peso, trabalho sentado, condi\u00e7\u00f5es inadequadas de ergonomia, aus\u00eancia de altern\u00e2ncia de postura na rotina de trabalho podem contribuir para o surgimento das dores musculares.<\/p>\n\n\n\n<div class=\"wp-block-group\"><div class=\"wp-block-group__inner-container is-layout-flow wp-block-group-is-layout-flow\">\n<div class=\"wp-block-group\"><div class=\"wp-block-group__inner-container is-layout-flow wp-block-group-is-layout-flow\">\n<h3 class=\"wp-block-heading\"><em><strong>Voc\u00ea tem ou j\u00e1 teve alguns dos sinais ou sintomas abaixo<\/strong><\/em>?<\/h3>\n<\/div><\/div>\n<\/div><\/div>\n\n\n\n<ul><li>Dor e desconforto, localizada ou no trajeto do m\u00fasculo;<\/li><li>Presen\u00e7a de uma parte do m\u00fasculo mais dolorida e dura, semelhante a uma bolinha ou caro\u00e7o: N\u00f3dulos de tens\u00e3o. <\/li><li>Dificuldade em esticar o m\u00fasculo afetado devido a dor; <\/li><li>Dificuldade em movimentar a articula\u00e7\u00e3o ou dificuldade de realizar o movimento funcional.<\/li><\/ul>\n\n\n\n<h3 class=\"wp-block-heading\"><strong><em>Medidas de preven\u00e7\u00e3o para empresas<\/em><\/strong><\/h3>\n\n\n\n<p>Atentas a essa realidade, muitas empresas t\u00eam se preocupado com a sa\u00fade de seus colaboradores e implementado projetos para supervisionar e intervir, quando necess\u00e1rio, sobre o estresse coletivo no ambiente de trabalho, orienta\u00e7\u00e3o de pr\u00e1ticas de exerc\u00edcios de alongamento durante a jornada de trabalho, orienta\u00e7\u00f5es com o mobili\u00e1rio, massagens, &nbsp;s\u00e3o a\u00e7\u00f5es que&nbsp;contribuem para redu\u00e7\u00e3o das dores musculares nos colaboradores. <\/p>\n\n\n\n<h3 class=\"wp-block-heading\"><strong><em>N\u00e3o fa\u00e7a parte desta estat\u00edstica!<\/em><\/strong><\/h3>\n\n\n\n<p>Segundo dados da Secretaria Especial de Previd\u00eancia e Trabalho, em 2019, quase 39 mil trabalhadores foram afastados do trabalho devido a LER\/DORT esse tipo de adoecimento pode levar a perda de funcionalidade e dificuldade de movimentos, trazendo impactos para a vida profissional e pessoal do trabalhador.<\/p>\n\n\n\n<blockquote class=\"wp-block-quote has-text-align-center is-style-large\"><p><strong>Reflex\u00e3o: <\/strong>Se dor muscular \u00e9 t\u00e3o comum, qual a\u00e7\u00e3o de sa\u00fade sua empresa promoveu para os colaboradores nos \u00faltimos 12 meses?<\/p><\/blockquote>\n\n\n\n<div class=\"wp-block-buttons aligncenter is-layout-flex wp-block-buttons-is-layout-flex\">\n<div class=\"wp-block-button is-style-fill\"><a class=\"wp-block-button__link has-background has-vivid-green-cyan-background-color\" href=\"https:\/\/wrseg.com.br\/contato\/\" style=\"border-radius:9px\" target=\"_blank\" rel=\"noreferrer noopener\">Solicite um or\u00e7amento dos servi\u00e7os de Ergonomia e Gin\u00e1stica Laboral<\/a><\/div>\n<\/div>\n\n\n\n<p><\/p>\n","protected":false},"excerpt":{"rendered":"<p>\u00c9 dif\u00edcil encontrar algu\u00e9m que n\u00e3o sofreu com dores musculares pelo menos uma vez na vida. As causas mais comuns s\u00e3o: esfor\u00e7o excessivo provocado por sobrecarga al\u00e9m da capacidade usual<\/p>\n","protected":false},"author":2,"featured_media":313,"comment_status":"open","ping_status":"open","sticky":false,"template":"","format":"standard","meta":{"footnotes":""},"categories":[1],"tags":[],"_links":{"self":[{"href":"https:\/\/www.wrseg.com.br\/blog\/wp-json\/wp\/v2\/posts\/297"}],"collection":[{"href":"https:\/\/www.wrseg.com.br\/blog\/wp-json\/wp\/v2\/posts"}],"about":[{"href":"https:\/\/www.wrseg.com.br\/blog\/wp-json\/wp\/v2\/types\/post"}],"author":[{"embeddable":true,"href":"https:\/\/www.wrseg.com.br\/blog\/wp-json\/wp\/v2\/users\/2"}],"replies":[{"embeddable":true,"href":"https:\/\/www.wrseg.com.br\/blog\/wp-json\/wp\/v2\/comments?post=297"}],"version-history":[{"count":15,"href":"https:\/\/www.wrseg.com.br\/blog\/wp-json\/wp\/v2\/posts\/297\/revisions"}],"predecessor-version":[{"id":319,"href":"https:\/\/www.wrseg.com.br\/blog\/wp-json\/wp\/v2\/posts\/297\/revisions\/319"}],"wp:featuredmedia":[{"embeddable":true,"href":"https:\/\/www.wrseg.com.br\/blog\/wp-json\/wp\/v2\/media\/313"}],"wp:attachment":[{"href":"https:\/\/www.wrseg.com.br\/blog\/wp-json\/wp\/v2\/media?parent=297"}],"wp:term":[{"taxonomy":"category","embeddable":true,"href":"https:\/\/www.wrseg.com.br\/blog\/wp-json\/wp\/v2\/categories?post=297"},{"taxonomy":"post_tag","embeddable":true,"href":"https:\/\/www.wrseg.com.br\/blog\/wp-json\/wp\/v2\/tags?post=297"}],"curies":[{"name":"wp","href":"https:\/\/api.w.org\/{rel}","templated":true}]}}